{"id":3330,"date":"2023-12-07T08:23:08","date_gmt":"2023-12-07T07:23:08","guid":{"rendered":"https:\/\/www.hofmann-spedition.de\/cms\/?p=3330"},"modified":"2023-12-07T08:24:16","modified_gmt":"2023-12-07T07:24:16","slug":"verabschiedung-eines-langjaehrigen-kollegen","status":"publish","type":"post","link":"https:\/\/www.hofmann-spedition.de\/cms\/verabschiedung-eines-langjaehrigen-kollegen\/","title":{"rendered":"Verabschiedung eines langj\u00e4hrigen Kollegen"},"content":{"rendered":"<p>Am Montag haben wir unseren langj\u00e4hrigen Kollegen Klaus in den wohlverdienten Ruhestand verabschiedet. Lieber Klaus, wir werden Dich mit Deiner zuverl\u00e4ssigen Art sehr vermissen und w\u00fcnschen Dir alles Gute und viel Gesundheit.<\/p>\n","protected":false},"excerpt":{"rendered":"<p>Am Montag haben wir unseren langj\u00e4hrigen Kollegen Klaus in den wohlverdienten Ruhestand verabschiedet. Lieber Klaus, wir werden Dich mit Deiner zuverl\u00e4ssigen Art sehr vermissen und w\u00fcnschen Dir alles Gute und viel Gesundheit.<\/p>\n","protected":false},"author":6,"featured_media":3332,"comment_status":"closed","ping_status":"open","sticky":false,"template":"","format":"standard","meta":{"footnotes":""},"categories":[1],"tags":[],"yoast_head":"<!-- This site is optimized with the Yoast SEO plugin v18.2 - https:\/\/yoast.com\/wordpress\/plugins\/seo\/ -->\n<title>Verabschiedung eines langj\u00e4hrigen Kollegen - Hofmann Internationale Spedition GmbH<\/title>\n<meta name=\"robots\" content=\"index, follow, max-snippet:-1, max-image-preview:large, max-video-preview:-1\" \/>\n<link rel=\"canonical\" href=\"https:\/\/www.hofmann-spedition.de\/cms\/verabschiedung-eines-langjaehrigen-kollegen\/\" \/>\n<meta property=\"og:locale\" content=\"de_DE\" \/>\n<meta property=\"og:type\" content=\"article\" \/>\n<meta property=\"og:title\" content=\"Verabschiedung eines langj\u00e4hrigen Kollegen - Hofmann Internationale Spedition GmbH\" \/>\n<meta property=\"og:description\" content=\"Am Montag haben wir unseren langj\u00e4hrigen Kollegen Klaus in den wohlverdienten Ruhestand verabschiedet. Lieber Klaus, wir werden Dich mit Deiner zuverl\u00e4ssigen Art sehr vermissen und w\u00fcnschen Dir alles Gute und viel Gesundheit.\" \/>\n<meta property=\"og:url\" content=\"https:\/\/www.hofmann-spedition.de\/cms\/verabschiedung-eines-langjaehrigen-kollegen\/\" \/>\n<meta property=\"og:site_name\" content=\"Hofmann Internationale Spedition GmbH\" \/>\n<meta property=\"article:published_time\" content=\"2023-12-07T07:23:08+00:00\" \/>\n<meta property=\"article:modified_time\" content=\"2023-12-07T07:24:16+00:00\" \/>\n<meta property=\"og:image\" content=\"https:\/\/www.hofmann-spedition.de\/cms\/wp-content\/uploads\/2023\/12\/Verabschiedung_Klaus.jpg\" \/>\n\t<meta property=\"og:image:width\" content=\"768\" \/>\n\t<meta property=\"og:image:height\" content=\"576\" \/>\n\t<meta property=\"og:image:type\" content=\"image\/jpeg\" \/>\n<meta name=\"twitter:card\" content=\"summary_large_image\" \/>\n<meta name=\"twitter:label1\" content=\"Verfasst von\" \/>\n\t<meta name=\"twitter:data1\" content=\"Niemes\" \/>\n<script type=\"application\/ld+json\" class=\"yoast-schema-graph\">{\"@context\":\"https:\/\/schema.org\",\"@graph\":[{\"@type\":\"Organization\",\"@id\":\"https:\/\/www.hofmann-spedition.de\/cms\/#organization\",\"name\":\"Hofmann Internationale Spedition\",\"url\":\"https:\/\/www.hofmann-spedition.de\/cms\/\",\"sameAs\":[],\"logo\":{\"@type\":\"ImageObject\",\"@id\":\"https:\/\/www.hofmann-spedition.de\/cms\/#logo\",\"inLanguage\":\"de\",\"url\":\"https:\/\/www.hofmann-spedition.de\/cms\/wp-content\/uploads\/2020\/06\/his_logo.png\",\"contentUrl\":\"https:\/\/www.hofmann-spedition.de\/cms\/wp-content\/uploads\/2020\/06\/his_logo.png\",\"width\":410,\"height\":79,\"caption\":\"Hofmann Internationale Spedition\"},\"image\":{\"@id\":\"https:\/\/www.hofmann-spedition.de\/cms\/#logo\"}},{\"@type\":\"WebSite\",\"@id\":\"https:\/\/www.hofmann-spedition.de\/cms\/#website\",\"url\":\"https:\/\/www.hofmann-spedition.de\/cms\/\",\"name\":\"Hofmann Internationale Spedition GmbH\",\"description\":\"\",\"publisher\":{\"@id\":\"https:\/\/www.hofmann-spedition.de\/cms\/#organization\"},\"potentialAction\":[{\"@type\":\"SearchAction\",\"target\":{\"@type\":\"EntryPoint\",\"urlTemplate\":\"https:\/\/www.hofmann-spedition.de\/cms\/?s={search_term_string}\"},\"query-input\":\"required name=search_term_string\"}],\"inLanguage\":\"de\"},{\"@type\":\"ImageObject\",\"@id\":\"https:\/\/www.hofmann-spedition.de\/cms\/verabschiedung-eines-langjaehrigen-kollegen\/#primaryimage\",\"inLanguage\":\"de\",\"url\":\"https:\/\/www.hofmann-spedition.de\/cms\/wp-content\/uploads\/2023\/12\/Verabschiedung_Klaus.jpg\",\"contentUrl\":\"https:\/\/www.hofmann-spedition.de\/cms\/wp-content\/uploads\/2023\/12\/Verabschiedung_Klaus.jpg\",\"width\":768,\"height\":576},{\"@type\":\"WebPage\",\"@id\":\"https:\/\/www.hofmann-spedition.de\/cms\/verabschiedung-eines-langjaehrigen-kollegen\/#webpage\",\"url\":\"https:\/\/www.hofmann-spedition.de\/cms\/verabschiedung-eines-langjaehrigen-kollegen\/\",\"name\":\"Verabschiedung eines langj\u00e4hrigen Kollegen - Hofmann Internationale Spedition GmbH\",\"isPartOf\":{\"@id\":\"https:\/\/www.hofmann-spedition.de\/cms\/#website\"},\"primaryImageOfPage\":{\"@id\":\"https:\/\/www.hofmann-spedition.de\/cms\/verabschiedung-eines-langjaehrigen-kollegen\/#primaryimage\"},\"datePublished\":\"2023-12-07T07:23:08+00:00\",\"dateModified\":\"2023-12-07T07:24:16+00:00\",\"breadcrumb\":{\"@id\":\"https:\/\/www.hofmann-spedition.de\/cms\/verabschiedung-eines-langjaehrigen-kollegen\/#breadcrumb\"},\"inLanguage\":\"de\",\"potentialAction\":[{\"@type\":\"ReadAction\",\"target\":[\"https:\/\/www.hofmann-spedition.de\/cms\/verabschiedung-eines-langjaehrigen-kollegen\/\"]}]},{\"@type\":\"BreadcrumbList\",\"@id\":\"https:\/\/www.hofmann-spedition.de\/cms\/verabschiedung-eines-langjaehrigen-kollegen\/#breadcrumb\",\"itemListElement\":[{\"@type\":\"ListItem\",\"position\":1,\"name\":\"Startseite\",\"item\":\"https:\/\/www.hofmann-spedition.de\/cms\/\"},{\"@type\":\"ListItem\",\"position\":2,\"name\":\"Verabschiedung eines langj\u00e4hrigen Kollegen\"}]},{\"@type\":\"Article\",\"@id\":\"https:\/\/www.hofmann-spedition.de\/cms\/verabschiedung-eines-langjaehrigen-kollegen\/#article\",\"isPartOf\":{\"@id\":\"https:\/\/www.hofmann-spedition.de\/cms\/verabschiedung-eines-langjaehrigen-kollegen\/#webpage\"},\"author\":{\"@id\":\"https:\/\/www.hofmann-spedition.de\/cms\/#\/schema\/person\/9f893f2eb48923fe9fc614fba857a270\"},\"headline\":\"Verabschiedung eines langj\u00e4hrigen Kollegen\",\"datePublished\":\"2023-12-07T07:23:08+00:00\",\"dateModified\":\"2023-12-07T07:24:16+00:00\",\"mainEntityOfPage\":{\"@id\":\"https:\/\/www.hofmann-spedition.de\/cms\/verabschiedung-eines-langjaehrigen-kollegen\/#webpage\"},\"wordCount\":40,\"publisher\":{\"@id\":\"https:\/\/www.hofmann-spedition.de\/cms\/#organization\"},\"image\":{\"@id\":\"https:\/\/www.hofmann-spedition.de\/cms\/verabschiedung-eines-langjaehrigen-kollegen\/#primaryimage\"},\"thumbnailUrl\":\"https:\/\/www.hofmann-spedition.de\/cms\/wp-content\/uploads\/2023\/12\/Verabschiedung_Klaus.jpg\",\"inLanguage\":\"de\"},{\"@type\":\"Person\",\"@id\":\"https:\/\/www.hofmann-spedition.de\/cms\/#\/schema\/person\/9f893f2eb48923fe9fc614fba857a270\",\"name\":\"Niemes\",\"image\":{\"@type\":\"ImageObject\",\"@id\":\"https:\/\/www.hofmann-spedition.de\/cms\/#personlogo\",\"inLanguage\":\"de\",\"url\":\"https:\/\/secure.gravatar.com\/avatar\/a9462a5a98c3405b2cd272d5aca77baf?s=96&d=mm&r=g\",\"contentUrl\":\"https:\/\/secure.gravatar.com\/avatar\/a9462a5a98c3405b2cd272d5aca77baf?s=96&d=mm&r=g\",\"caption\":\"Niemes\"},\"url\":\"https:\/\/www.hofmann-spedition.de\/cms\/author\/sascha_niemes\/\"}]}<\/script>\n<!-- \/ Yoast SEO plugin. -->","yoast_head_json":{"title":"Verabschiedung eines langj\u00e4hrigen Kollegen - Hofmann Internationale Spedition GmbH","robots":{"index":"index","follow":"follow","max-snippet":"max-snippet:-1","max-image-preview":"max-image-preview:large","max-video-preview":"max-video-preview:-1"},"canonical":"https:\/\/www.hofmann-spedition.de\/cms\/verabschiedung-eines-langjaehrigen-kollegen\/","og_locale":"de_DE","og_type":"article","og_title":"Verabschiedung eines langj\u00e4hrigen Kollegen - Hofmann Internationale Spedition GmbH","og_description":"Am Montag haben wir unseren langj\u00e4hrigen Kollegen Klaus in den wohlverdienten Ruhestand verabschiedet. Lieber Klaus, wir werden Dich mit Deiner zuverl\u00e4ssigen Art sehr vermissen und w\u00fcnschen Dir alles Gute und viel Gesundheit.","og_url":"https:\/\/www.hofmann-spedition.de\/cms\/verabschiedung-eines-langjaehrigen-kollegen\/","og_site_name":"Hofmann Internationale Spedition GmbH","article_published_time":"2023-12-07T07:23:08+00:00","article_modified_time":"2023-12-07T07:24:16+00:00","og_image":[{"width":768,"height":576,"url":"https:\/\/www.hofmann-spedition.de\/cms\/wp-content\/uploads\/2023\/12\/Verabschiedung_Klaus.jpg","type":"image\/jpeg"}],"twitter_card":"summary_large_image","twitter_misc":{"Verfasst von":"Niemes"},"schema":{"@context":"https:\/\/schema.org","@graph":[{"@type":"Organization","@id":"https:\/\/www.hofmann-spedition.de\/cms\/#organization","name":"Hofmann Internationale Spedition","url":"https:\/\/www.hofmann-spedition.de\/cms\/","sameAs":[],"logo":{"@type":"ImageObject","@id":"https:\/\/www.hofmann-spedition.de\/cms\/#logo","inLanguage":"de","url":"https:\/\/www.hofmann-spedition.de\/cms\/wp-content\/uploads\/2020\/06\/his_logo.png","contentUrl":"https:\/\/www.hofmann-spedition.de\/cms\/wp-content\/uploads\/2020\/06\/his_logo.png","width":410,"height":79,"caption":"Hofmann Internationale Spedition"},"image":{"@id":"https:\/\/www.hofmann-spedition.de\/cms\/#logo"}},{"@type":"WebSite","@id":"https:\/\/www.hofmann-spedition.de\/cms\/#website","url":"https:\/\/www.hofmann-spedition.de\/cms\/","name":"Hofmann Internationale Spedition GmbH","description":"","publisher":{"@id":"https:\/\/www.hofmann-spedition.de\/cms\/#organization"},"potentialAction":[{"@type":"SearchAction","target":{"@type":"EntryPoint","urlTemplate":"https:\/\/www.hofmann-spedition.de\/cms\/?s={search_term_string}"},"query-input":"required name=search_term_string"}],"inLanguage":"de"},{"@type":"ImageObject","@id":"https:\/\/www.hofmann-spedition.de\/cms\/verabschiedung-eines-langjaehrigen-kollegen\/#primaryimage","inLanguage":"de","url":"https:\/\/www.hofmann-spedition.de\/cms\/wp-content\/uploads\/2023\/12\/Verabschiedung_Klaus.jpg","contentUrl":"https:\/\/www.hofmann-spedition.de\/cms\/wp-content\/uploads\/2023\/12\/Verabschiedung_Klaus.jpg","width":768,"height":576},{"@type":"WebPage","@id":"https:\/\/www.hofmann-spedition.de\/cms\/verabschiedung-eines-langjaehrigen-kollegen\/#webpage","url":"https:\/\/www.hofmann-spedition.de\/cms\/verabschiedung-eines-langjaehrigen-kollegen\/","name":"Verabschiedung eines langj\u00e4hrigen Kollegen - Hofmann Internationale Spedition GmbH","isPartOf":{"@id":"https:\/\/www.hofmann-spedition.de\/cms\/#website"},"primaryImageOfPage":{"@id":"https:\/\/www.hofmann-spedition.de\/cms\/verabschiedung-eines-langjaehrigen-kollegen\/#primaryimage"},"datePublished":"2023-12-07T07:23:08+00:00","dateModified":"2023-12-07T07:24:16+00:00","breadcrumb":{"@id":"https:\/\/www.hofmann-spedition.de\/cms\/verabschiedung-eines-langjaehrigen-kollegen\/#breadcrumb"},"inLanguage":"de","potentialAction":[{"@type":"ReadAction","target":["https:\/\/www.hofmann-spedition.de\/cms\/verabschiedung-eines-langjaehrigen-kollegen\/"]}]},{"@type":"BreadcrumbList","@id":"https:\/\/www.hofmann-spedition.de\/cms\/verabschiedung-eines-langjaehrigen-kollegen\/#breadcrumb","itemListElement":[{"@type":"ListItem","position":1,"name":"Startseite","item":"https:\/\/www.hofmann-spedition.de\/cms\/"},{"@type":"ListItem","position":2,"name":"Verabschiedung eines langj\u00e4hrigen Kollegen"}]},{"@type":"Article","@id":"https:\/\/www.hofmann-spedition.de\/cms\/verabschiedung-eines-langjaehrigen-kollegen\/#article","isPartOf":{"@id":"https:\/\/www.hofmann-spedition.de\/cms\/verabschiedung-eines-langjaehrigen-kollegen\/#webpage"},"author":{"@id":"https:\/\/www.hofmann-spedition.de\/cms\/#\/schema\/person\/9f893f2eb48923fe9fc614fba857a270"},"headline":"Verabschiedung eines langj\u00e4hrigen Kollegen","datePublished":"2023-12-07T07:23:08+00:00","dateModified":"2023-12-07T07:24:16+00:00","mainEntityOfPage":{"@id":"https:\/\/www.hofmann-spedition.de\/cms\/verabschiedung-eines-langjaehrigen-kollegen\/#webpage"},"wordCount":40,"publisher":{"@id":"https:\/\/www.hofmann-spedition.de\/cms\/#organization"},"image":{"@id":"https:\/\/www.hofmann-spedition.de\/cms\/verabschiedung-eines-langjaehrigen-kollegen\/#primaryimage"},"thumbnailUrl":"https:\/\/www.hofmann-spedition.de\/cms\/wp-content\/uploads\/2023\/12\/Verabschiedung_Klaus.jpg","inLanguage":"de"},{"@type":"Person","@id":"https:\/\/www.hofmann-spedition.de\/cms\/#\/schema\/person\/9f893f2eb48923fe9fc614fba857a270","name":"Niemes","image":{"@type":"ImageObject","@id":"https:\/\/www.hofmann-spedition.de\/cms\/#personlogo","inLanguage":"de","url":"https:\/\/secure.gravatar.com\/avatar\/a9462a5a98c3405b2cd272d5aca77baf?s=96&d=mm&r=g","contentUrl":"https:\/\/secure.gravatar.com\/avatar\/a9462a5a98c3405b2cd272d5aca77baf?s=96&d=mm&r=g","caption":"Niemes"},"url":"https:\/\/www.hofmann-spedition.de\/cms\/author\/sascha_niemes\/"}]}},"_links":{"self":[{"href":"https:\/\/www.hofmann-spedition.de\/cms\/wp-json\/wp\/v2\/posts\/3330"}],"collection":[{"href":"https:\/\/www.hofmann-spedition.de\/cms\/wp-json\/wp\/v2\/posts"}],"about":[{"href":"https:\/\/www.hofmann-spedition.de\/cms\/wp-json\/wp\/v2\/types\/post"}],"author":[{"embeddable":true,"href":"https:\/\/www.hofmann-spedition.de\/cms\/wp-json\/wp\/v2\/users\/6"}],"replies":[{"embeddable":true,"href":"https:\/\/www.hofmann-spedition.de\/cms\/wp-json\/wp\/v2\/comments?post=3330"}],"version-history":[{"count":5,"href":"https:\/\/www.hofmann-spedition.de\/cms\/wp-json\/wp\/v2\/posts\/3330\/revisions"}],"predecessor-version":[{"id":3336,"href":"https:\/\/www.hofmann-spedition.de\/cms\/wp-json\/wp\/v2\/posts\/3330\/revisions\/3336"}],"wp:featuredmedia":[{"embeddable":true,"href":"https:\/\/www.hofmann-spedition.de\/cms\/wp-json\/wp\/v2\/media\/3332"}],"wp:attachment":[{"href":"https:\/\/www.hofmann-spedition.de\/cms\/wp-json\/wp\/v2\/media?parent=3330"}],"wp:term":[{"taxonomy":"category","embeddable":true,"href":"https:\/\/www.hofmann-spedition.de\/cms\/wp-json\/wp\/v2\/categories?post=3330"},{"taxonomy":"post_tag","embeddable":true,"href":"https:\/\/www.hofmann-spedition.de\/cms\/wp-json\/wp\/v2\/tags?post=3330"}],"curies":[{"name":"wp","href":"https:\/\/api.w.org\/{rel}","templated":true}]}}